{"id":260,"date":"2019-10-28T12:29:16","date_gmt":"2019-10-28T10:29:16","guid":{"rendered":"http:\/\/social-toolkit-recursos-test.azurewebsites.net\/?p=260"},"modified":"2020-04-30T13:30:58","modified_gmt":"2020-04-30T11:30:58","slug":"genero-y-sociedad-desde-la-disciplina-economica-entrevista-a-lina-galvez-catedratica-de-historia-e-instituciones-economicas-por-la-universidad-pablo-de-olavide","status":"publish","type":"post","link":"http:\/\/social-toolkit.recursos.uoc.edu\/es\/genero-y-sociedad-desde-la-disciplina-economica-entrevista-a-lina-galvez-catedratica-de-historia-e-instituciones-economicas-por-la-universidad-pablo-de-olavide\/","title":{"rendered":"G\u00e9nero y sociedad desde la disciplina econ\u00f3mica. Entrevista a Lina G\u00e1lvez"},"content":{"rendered":"<h2 class=\"p1\"><span class=\"s1\">Enlace<\/span><\/h2>\n<div class=\"videowrapper\">\n                    <div class=\"videocontent\">\n                        <video data-url-desk=\"http:\/\/cdnapi.kaltura.com\/p\/2453002\/sp\/245300200\/playManifest\/entryId\/1_fg2d23mu\/flavorId\/1_trhjbcf5\/format\/url\/protocol\/http\/a.mp4\"  data-url-down=\"http:\/\/cdnapi.kaltura.com\/p\/2453002\/sp\/245300200\/playManifest\/entryId\/1_fg2d23mu\/flavorId\/1_rczw89f7\/format\/url\/protocol\/http\/a.mp4\" data-url-mobile=\"http:\/\/cdnapi.kaltura.com\/p\/2453002\/sp\/245300200\/playManifest\/entryId\/1_fg2d23mu\/flavorId\/1_rczw89f7\/format\/url\/protocol\/http\/a.mp4\" id=\"1777190555399\" class=\"video-js vjs-default-skin vjs-big-play-centered video-js-fullscreen\" controls preload=\"none\" width=\"auto\" height=\"auto\" poster=\"\/wp-content\/uploads\/2020\/03\/genere.jpg\">\n                                <p class=\"vjs-no-js\">Error. Utiliza un navegador moderno.<\/p>\n                        <\/video>\n                <\/div>\n            <\/div>\n<h2 class=\"p1\"><span class=\"s1\">Breve descripci\u00f3n: Objetivo<\/span><\/h2>\n<p><strong>Audiovisual (entrevista)<\/strong><\/p>\n<p>Se introduce al estudiante en la perspectiva de g\u00e9nero de la mano de una experta en la incorporaci\u00f3n de una mirada feminista y sobre las cuestiones de g\u00e9nero en econom\u00eda. Esta mirada hace posible tener una visi\u00f3n mucho m\u00e1s realista sobre la verdadera dimensi\u00f3n de cualquier \u00e1mbito de la sociedad, en especial dentro de la econom\u00eda, tanto si se trata del mercado como del trabajo, etc., evidenciando las limitaciones que tradicionalmente se han aceptado por el hecho de partir de la experiencia de los hombres como si fuera universal.<\/p>\n<p>Autora: Lina G\u00e1lvez, catedr\u00e1tica de Historia e Instituciones Econ\u00f3micas para la Universidad Pablo de Olavide<\/p>\n<h2 class=\"p1\"><span class=\"s1\">Idioma<\/span><\/h2>\n<p>Castellano<\/p>\n","protected":false},"excerpt":{"rendered":"<p>Enlace Breve descripci\u00f3n: Objetivo Audiovisual (entrevista) Se introduce al estudiante en la perspectiva de g\u00e9nero de la mano de una experta en la incorporaci\u00f3n de una mirada feminista y sobre las cuestiones de g\u00e9nero en econom\u00eda. Esta mirada hace posible tener una visi\u00f3n mucho m\u00e1s realista sobre la verdadera dimensi\u00f3n de cualquier \u00e1mbito de la [&hellip;]<\/p>\n","protected":false},"author":2,"featured_media":576,"comment_status":"open","ping_status":"open","sticky":false,"template":"","format":"standard","meta":{"inline_featured_image":false},"categories":[7,27,34,32,28],"tags":[301,350,341,358,401,423,500],"acf":[],"_links":{"self":[{"href":"http:\/\/social-toolkit.recursos.uoc.edu\/es\/wp-json\/wp\/v2\/posts\/260"}],"collection":[{"href":"http:\/\/social-toolkit.recursos.uoc.edu\/es\/wp-json\/wp\/v2\/posts"}],"about":[{"href":"http:\/\/social-toolkit.recursos.uoc.edu\/es\/wp-json\/wp\/v2\/types\/post"}],"author":[{"embeddable":true,"href":"http:\/\/social-toolkit.recursos.uoc.edu\/es\/wp-json\/wp\/v2\/users\/2"}],"replies":[{"embeddable":true,"href":"http:\/\/social-toolkit.recursos.uoc.edu\/es\/wp-json\/wp\/v2\/comments?post=260"}],"version-history":[{"count":9,"href":"http:\/\/social-toolkit.recursos.uoc.edu\/es\/wp-json\/wp\/v2\/posts\/260\/revisions"}],"predecessor-version":[{"id":1204,"href":"http:\/\/social-toolkit.recursos.uoc.edu\/es\/wp-json\/wp\/v2\/posts\/260\/revisions\/1204"}],"wp:featuredmedia":[{"embeddable":true,"href":"http:\/\/social-toolkit.recursos.uoc.edu\/es\/wp-json\/wp\/v2\/media\/576"}],"wp:attachment":[{"href":"http:\/\/social-toolkit.recursos.uoc.edu\/es\/wp-json\/wp\/v2\/media?parent=260"}],"wp:term":[{"taxonomy":"category","embeddable":true,"href":"http:\/\/social-toolkit.recursos.uoc.edu\/es\/wp-json\/wp\/v2\/categories?post=260"},{"taxonomy":"post_tag","embeddable":true,"href":"http:\/\/social-toolkit.recursos.uoc.edu\/es\/wp-json\/wp\/v2\/tags?post=260"}],"curies":[{"name":"wp","href":"https:\/\/api.w.org\/{rel}","templated":true}]}}