{"id":282,"date":"2019-10-28T12:49:57","date_gmt":"2019-10-28T10:49:57","guid":{"rendered":"http:\/\/social-toolkit-recursos-test.azurewebsites.net\/?p=282"},"modified":"2020-04-21T13:01:35","modified_gmt":"2020-04-21T11:01:35","slug":"la-cuadratura-del-circulo6-el-dilema-morado-asignacion-de-competencias-centralizada-o-descentralizada","status":"publish","type":"post","link":"http:\/\/social-toolkit.recursos.uoc.edu\/es\/la-cuadratura-del-circulo6-el-dilema-morado-asignacion-de-competencias-centralizada-o-descentralizada\/","title":{"rendered":"La cuadratura del c\u00edrculo: 6. El dilema morado: \u00bfasignaci\u00f3n de competencias centralizada o descentralizada?"},"content":{"rendered":"<h2 class=\"p1\"><span class=\"s1\">Enlace<\/span><\/h2>\n<p><a href=\"http:\/\/materials.cv.uoc.edu\/cdocent\/PID_00236910\/view.html#morado\" target=\"_blank\" rel=\"noopener noreferrer\">http:\/\/materials.cv.uoc.edu\/cdocent\/PID_00236910\/view.html#morado<\/a><\/p>\n<h2 class=\"p1\"><span class=\"s1\">Breve descripci\u00f3n: Objetivo<\/span><\/h2>\n<p><strong>Ficciones radiof\u00f3nicas<\/strong><\/p>\n<p>Serie de siete programas radiof\u00f3nicos (acompa\u00f1ados de mapas conceptuales) en que se presentan los dilemas principales que hay que abordar en la conceptualizaci\u00f3n, dise\u00f1o, implementaci\u00f3n y evaluaci\u00f3n de las pol\u00edticas sociales, asociados a los objetivos politicosociales que se persiguen. En este sexto programa, abordamos lo que hemos denominado \u00abel dilema morado\u00bb. La organizaci\u00f3n de un estado se estructura en diferentes niveles administrativos o pol\u00edticos, a los cuales se atribuyen diferentes competencias. \u00bfEs mejor tender a un sistema centralizado, con pocos niveles administrativos y una baja distribuci\u00f3n de competencias o, por el contrario, es mejor un sistema descentralizado?<\/p>\n<p>Autores: Bernat Albaig\u00e9s Blasi, Isaac Gonz\u00e0lez Balletb\u00f2<\/p>\n<h2 class=\"p1\"><span class=\"s1\">Idioma<\/span><\/h2>\n<p class=\"p1\"><span class=\"s1\">Castellano<\/span><\/p>\n","protected":false},"excerpt":{"rendered":"<p>Enlace http:\/\/materials.cv.uoc.edu\/cdocent\/PID_00236910\/view.html#morado Breve descripci\u00f3n: Objetivo Ficciones radiof\u00f3nicas Serie de siete programas radiof\u00f3nicos (acompa\u00f1ados de mapas conceptuales) en que se presentan los dilemas principales que hay que abordar en la conceptualizaci\u00f3n, dise\u00f1o, implementaci\u00f3n y evaluaci\u00f3n de las pol\u00edticas sociales, asociados a los objetivos politicosociales que se persiguen. En este sexto programa, abordamos lo que hemos denominado [&hellip;]<\/p>\n","protected":false},"author":2,"featured_media":536,"comment_status":"open","ping_status":"open","sticky":false,"template":"","format":"standard","meta":{"inline_featured_image":false},"categories":[7,32,35,30],"tags":[315,305,301,335,357,532,353,347,523,453,475,500],"acf":[],"_links":{"self":[{"href":"http:\/\/social-toolkit.recursos.uoc.edu\/es\/wp-json\/wp\/v2\/posts\/282"}],"collection":[{"href":"http:\/\/social-toolkit.recursos.uoc.edu\/es\/wp-json\/wp\/v2\/posts"}],"about":[{"href":"http:\/\/social-toolkit.recursos.uoc.edu\/es\/wp-json\/wp\/v2\/types\/post"}],"author":[{"embeddable":true,"href":"http:\/\/social-toolkit.recursos.uoc.edu\/es\/wp-json\/wp\/v2\/users\/2"}],"replies":[{"embeddable":true,"href":"http:\/\/social-toolkit.recursos.uoc.edu\/es\/wp-json\/wp\/v2\/comments?post=282"}],"version-history":[{"count":4,"href":"http:\/\/social-toolkit.recursos.uoc.edu\/es\/wp-json\/wp\/v2\/posts\/282\/revisions"}],"predecessor-version":[{"id":1027,"href":"http:\/\/social-toolkit.recursos.uoc.edu\/es\/wp-json\/wp\/v2\/posts\/282\/revisions\/1027"}],"wp:featuredmedia":[{"embeddable":true,"href":"http:\/\/social-toolkit.recursos.uoc.edu\/es\/wp-json\/wp\/v2\/media\/536"}],"wp:attachment":[{"href":"http:\/\/social-toolkit.recursos.uoc.edu\/es\/wp-json\/wp\/v2\/media?parent=282"}],"wp:term":[{"taxonomy":"category","embeddable":true,"href":"http:\/\/social-toolkit.recursos.uoc.edu\/es\/wp-json\/wp\/v2\/categories?post=282"},{"taxonomy":"post_tag","embeddable":true,"href":"http:\/\/social-toolkit.recursos.uoc.edu\/es\/wp-json\/wp\/v2\/tags?post=282"}],"curies":[{"name":"wp","href":"https:\/\/api.w.org\/{rel}","templated":true}]}}