{"id":325,"date":"2019-10-28T13:51:20","date_gmt":"2019-10-28T11:51:20","guid":{"rendered":"http:\/\/social-toolkit-recursos-test.azurewebsites.net\/?p=325"},"modified":"2020-04-22T10:23:45","modified_gmt":"2020-04-22T08:23:45","slug":"politicas-educativas1-los-ejes-cardinales-de-las-politicas-educativas","status":"publish","type":"post","link":"http:\/\/social-toolkit.recursos.uoc.edu\/es\/politicas-educativas1-los-ejes-cardinales-de-las-politicas-educativas\/","title":{"rendered":"Pol\u00edticas educativas: 1. Los ejes cardinales de las pol\u00edticas educativas"},"content":{"rendered":"<h2 class=\"p1\"><span class=\"s1\">Enlace<\/span><\/h2>\n<div class=\"videowrapper\">\n                    <div class=\"videocontent\">\n                        <video data-url-desk=\"https:\/\/cdnapisec.kaltura.com\/p\/2453002\/sp\/245300200\/playManifest\/entryId\/1_6ssmf7ev\/flavorId\/1_uv1w5w9r\/format\/url\/protocol\/http\/a.mp4\"  data-url-down=\"http:\/\/uoc.tv.am.uoc.es\/teories_educacio_eixos_cardinals\/download\/teories_educacio_eixos_cardinals_es_m.mp4\" data-url-mobile=\"https:\/\/cdnapisec.kaltura.com\/p\/2453002\/sp\/245300200\/playManifest\/entryId\/1_6ssmf7ev\/flavorId\/1_svnjwu8r\/format\/url\/protocol\/http\/a.mp4\" id=\"1777298687026\" class=\"video-js vjs-default-skin vjs-big-play-centered video-js-fullscreen\" controls preload=\"none\" width=\"auto\" height=\"auto\" poster=\"\/wp-content\/uploads\/2020\/03\/eixos_cardinals.jpg\">\n                                <p class=\"vjs-no-js\">Error. Utiliza un navegador moderno.<\/p>\n                        <\/video>\n                <\/div>\n            <\/div>\n<p><strong>Audiovisual (video docente)<\/strong><\/p>\n<p>Mediante la comparaci\u00f3n entre dos leyes educativas de Espa\u00f1a, la LOGSE, de 1990, y la LOMCE, de 2013, profundizamos en los principios que fundamentan las pol\u00edticas educativas y las maneras a menudo opuestas en que se entienden, se operativizan y se despliegan.<\/p>\n<p>Autor: Isaac Gonz\u00e0lez Balletb\u00f2<\/p>\n<h2 class=\"p1\"><span class=\"s1\">Idioma<\/span><\/h2>\n<p class=\"p1\"><span class=\"s1\">Castellano<\/span><\/p>\n<p>&nbsp;<\/p>\n","protected":false},"excerpt":{"rendered":"<p>Enlace Audiovisual (video docente) Mediante la comparaci\u00f3n entre dos leyes educativas de Espa\u00f1a, la LOGSE, de 1990, y la LOMCE, de 2013, profundizamos en los principios que fundamentan las pol\u00edticas educativas y las maneras a menudo opuestas en que se entienden, se operativizan y se despliegan. Autor: Isaac Gonz\u00e0lez Balletb\u00f2 Idioma Castellano &nbsp;<\/p>\n","protected":false},"author":2,"featured_media":576,"comment_status":"open","ping_status":"open","sticky":false,"template":"","format":"standard","meta":{"inline_featured_image":false},"categories":[7,8,32,36],"tags":[301,333,461,349,340,399,398,397,443,437,515,508,500],"acf":[],"_links":{"self":[{"href":"http:\/\/social-toolkit.recursos.uoc.edu\/es\/wp-json\/wp\/v2\/posts\/325"}],"collection":[{"href":"http:\/\/social-toolkit.recursos.uoc.edu\/es\/wp-json\/wp\/v2\/posts"}],"about":[{"href":"http:\/\/social-toolkit.recursos.uoc.edu\/es\/wp-json\/wp\/v2\/types\/post"}],"author":[{"embeddable":true,"href":"http:\/\/social-toolkit.recursos.uoc.edu\/es\/wp-json\/wp\/v2\/users\/2"}],"replies":[{"embeddable":true,"href":"http:\/\/social-toolkit.recursos.uoc.edu\/es\/wp-json\/wp\/v2\/comments?post=325"}],"version-history":[{"count":15,"href":"http:\/\/social-toolkit.recursos.uoc.edu\/es\/wp-json\/wp\/v2\/posts\/325\/revisions"}],"predecessor-version":[{"id":1055,"href":"http:\/\/social-toolkit.recursos.uoc.edu\/es\/wp-json\/wp\/v2\/posts\/325\/revisions\/1055"}],"wp:featuredmedia":[{"embeddable":true,"href":"http:\/\/social-toolkit.recursos.uoc.edu\/es\/wp-json\/wp\/v2\/media\/576"}],"wp:attachment":[{"href":"http:\/\/social-toolkit.recursos.uoc.edu\/es\/wp-json\/wp\/v2\/media?parent=325"}],"wp:term":[{"taxonomy":"category","embeddable":true,"href":"http:\/\/social-toolkit.recursos.uoc.edu\/es\/wp-json\/wp\/v2\/categories?post=325"},{"taxonomy":"post_tag","embeddable":true,"href":"http:\/\/social-toolkit.recursos.uoc.edu\/es\/wp-json\/wp\/v2\/tags?post=325"}],"curies":[{"name":"wp","href":"https:\/\/api.w.org\/{rel}","templated":true}]}}